{"id":2919,"date":"2025-05-28T12:40:15","date_gmt":"2025-05-28T12:40:15","guid":{"rendered":"https:\/\/danscualinavisan.ro\/?p=2919"},"modified":"2025-07-30T08:13:13","modified_gmt":"2025-07-30T08:13:13","slug":"intensiv-de-vara-dans-terapie-workshop-3-zile","status":"publish","type":"post","link":"https:\/\/danscualinavisan.ro\/en\/intensiv-de-vara-dans-terapie-workshop-3-zile\/","title":{"rendered":"Summer Intensive | Dance Therapy | Workshop 3 days"},"content":{"rendered":"<figure class=\"wp-block-image size-large\"><img fetchpriority=\"high\" decoding=\"async\" width=\"1024\" height=\"577\" src=\"https:\/\/danscualinavisan.ro\/wp-content\/uploads\/2025\/05\/intenstiv-de-vara-cover-1-1024x577.jpg\" alt=\"\" class=\"wp-image-2941\" srcset=\"https:\/\/danscualinavisan.ro\/wp-content\/uploads\/2025\/05\/intenstiv-de-vara-cover-1-1024x577.jpg 1024w, https:\/\/danscualinavisan.ro\/wp-content\/uploads\/2025\/05\/intenstiv-de-vara-cover-1-300x169.jpg 300w, https:\/\/danscualinavisan.ro\/wp-content\/uploads\/2025\/05\/intenstiv-de-vara-cover-1-768x432.jpg 768w, https:\/\/danscualinavisan.ro\/wp-content\/uploads\/2025\/05\/intenstiv-de-vara-cover-1-1536x865.jpg 1536w, https:\/\/danscualinavisan.ro\/wp-content\/uploads\/2025\/05\/intenstiv-de-vara-cover-1.jpg 1600w\" sizes=\"(max-width: 1024px) 100vw, 1024px\" \/><\/figure>\n\n\n\n<p>Dancing feels a certain way in summer.<br>.<br>Summer has a state of its own that leads and brings to certain movement, gestures,<br>has a rhythm to its days,<br>has a specific way clothes feel on the body,<br>is imprinted in our taste and touch preferences, the playlists we listen to and the sensations we experience.<br><br>This is the starting point of my invitation to you for a 3-day intensive dance therapy course in the middle of July under the concept of Form and State in Movement in a summer flavour.<br><br>15, 16, 17 July<br>18:30 &#8211; 21:30<br><br>The State will be dressed in various forms and rhythms, and the Form is just a pretext for working with the State.<\/p>\n\n\n\n<p>Form in Motion (Part 1) 18:30 - 19:15<br>On the move (part a2) 19:45 - 21:30<\/p>\n\n\n\n<p>Pricing list<br>~ for the 2 parts of the course \u00d7 3 days<br>450 lei (150\u00d73) Early Bird until 15.06<br>510 lei (170\u00d73) starting 15.06<\/p>\n\n\n\n<p>~ pack the 2 parts \u00d71 of the days<br>180 lei Drop in class<\/p>\n\n\n\n<p>Ask about Discounts<br>Registration and questions<br>\ud83d\udce9 terapie@danscualinavisan.ro<br>.<br>Discounts<br>\ud83d\ude42 for those who add to the group sessions, private post-processing sessions for a complete therapeutic process.<br>\ud83d\ude42\ud83d\ude42Tandem (1 full + 2nd module at reduced price)<br>\ud83d\ude42 \ud83d\ude42\ud83e\udd70for those who have paid a subscription of the full F&amp;S package in 2023-2025<\/p>\n\n\n\n<p>About the course concept<br>\u2600\u2728 Shape and State in Motion<br>~ is a package of courses which aims to<br>\u27a1 cover as completely as possible<br>spectrum - From structure to free dance -<br>\u27a1 working with mind-body unity<br>\u27a1 aligning mind-body unity with values<br>\u27a1 working with the healing axis - creativity through play play play<br>.<br>\u2600\u2728 Shape and State in Motion<br>has as its main objective<br>\u2714 prevention<br>\u262f through balancing and emotional processing given by the physiological shower\u00ae as a consistent practice,<br>\u2714health being the core value.<\/p>\n\n\n\n<p>Part One<br>\ud83e\udd39\u200d\u2640Form\u0103 on the move<br>18:30 - 19:15 Part I (Structured dance) - \u2714dance as a form for non-danceable people.<br>\u2714focus falls on form and effort as premises of emotional processing<br>\u2714Beyond fitness, the therapeutic side of the 45 minutes of fast-paced exercise is all about resilience.<br>\ud83d\udcaa\ud83d\udc95Resilience seen as an enlarged window of the limits of tolerance to effort, discomfort and exposure to the new.<br>\ud83d\udcaa\ud83d\udc95Resilience as a consequence of the emotional rebalancing obtained from the consistent practice of the physiological shower<br>Resilience seen as an integrated part of the experience of stable and secure attachment relationships worked in the triangle of co-regulation - self-regulation - resilience.<\/p>\n\n\n\n<p>Second part<br>\u2728On the move<br>19:45 - 21:30 Part II (free movement)<br>\u2714 dance as a state in movement<br>The emphasis is on observing the state from which we move as a prerequisite for sustaining or transforming it.<br>\u2714 observing the impulse of movement, the decision of action formed from the inside towards outward expression<br>\u2714 observing the interrelation of emotion - motion<br>\u2714 observation of thoughts, emotions and sensations in the self - others - environment work triangle<br>.<br>Further details and registration by mail to terapie@danscualinavisan.ro<\/p>","protected":false},"excerpt":{"rendered":"<p>I invite you to 3 consecutive days of intensive therapeutic dance practice in the middle of July.<\/p>","protected":false},"author":1,"featured_media":2943,"comment_status":"open","ping_status":"open","sticky":false,"template":"","format":"standard","meta":{"footnotes":""},"categories":[16,27,17,25],"tags":[],"class_list":["post-2919","post","type-post","status-publish","format-standard","has-post-thumbnail","hentry","category-forma-in-miscare","category-ongoing-events","category-stare-in-miscare","category-workshops"],"jetpack_featured_media_url":"https:\/\/danscualinavisan.ro\/wp-content\/uploads\/2025\/05\/intensiv-de-vara-thumbnail.jpg","_links":{"self":[{"href":"https:\/\/danscualinavisan.ro\/en\/wp-json\/wp\/v2\/posts\/2919","targetHints":{"allow":["GET"]}}],"collection":[{"href":"https:\/\/danscualinavisan.ro\/en\/wp-json\/wp\/v2\/posts"}],"about":[{"href":"https:\/\/danscualinavisan.ro\/en\/wp-json\/wp\/v2\/types\/post"}],"author":[{"embeddable":true,"href":"https:\/\/danscualinavisan.ro\/en\/wp-json\/wp\/v2\/users\/1"}],"replies":[{"embeddable":true,"href":"https:\/\/danscualinavisan.ro\/en\/wp-json\/wp\/v2\/comments?post=2919"}],"version-history":[{"count":9,"href":"https:\/\/danscualinavisan.ro\/en\/wp-json\/wp\/v2\/posts\/2919\/revisions"}],"predecessor-version":[{"id":3141,"href":"https:\/\/danscualinavisan.ro\/en\/wp-json\/wp\/v2\/posts\/2919\/revisions\/3141"}],"wp:featuredmedia":[{"embeddable":true,"href":"https:\/\/danscualinavisan.ro\/en\/wp-json\/wp\/v2\/media\/2943"}],"wp:attachment":[{"href":"https:\/\/danscualinavisan.ro\/en\/wp-json\/wp\/v2\/media?parent=2919"}],"wp:term":[{"taxonomy":"category","embeddable":true,"href":"https:\/\/danscualinavisan.ro\/en\/wp-json\/wp\/v2\/categories?post=2919"},{"taxonomy":"post_tag","embeddable":true,"href":"https:\/\/danscualinavisan.ro\/en\/wp-json\/wp\/v2\/tags?post=2919"}],"curies":[{"name":"wp","href":"https:\/\/api.w.org\/{rel}","templated":true}]}}